{"id":316,"date":"2019-07-21T15:45:17","date_gmt":"2019-07-21T13:45:17","guid":{"rendered":"http:\/\/societe-histoire-naissance.fr\/?p=316"},"modified":"2020-02-18T10:25:14","modified_gmt":"2020-02-18T09:25:14","slug":"journee-detudes-du-14-septembre-2019","status":"publish","type":"post","link":"https:\/\/societe-histoire-naissance.fr\/?p=316","title":{"rendered":"Journ\u00e9e d&#8217;\u00e9tudes du 14 septembre 2019"},"content":{"rendered":"\n<p>Lieu : Groupe Hospitalier Diaconesses Croix Saint-Simon<br>P\u00f4le Maternit\u00e9-Fertilit\u00e9<br>18 rue du Sergent Bauchat<br>75012 Paris<\/p>\n\n\n\n<p>Entr\u00e9e par la grille blanche : la salle France Qu\u00e9r\u00e9 est dans le b\u00e2timent en face (suivre les panneaux)<br>M\u00e9tro : Montgallet ou Nation<\/p>\n\n\n\n<p>Programme :<\/p>\n\n\n\n<ul><li><strong>9 h 30 \u2013 11 h :<\/strong>&nbsp;Sophie Courtois, sage-femme :&nbsp;<strong>La maternit\u00e9 de Pithiviers vue par sa population locale (1974-1985)<em>.<\/em><\/strong><\/li><li><strong>11 h \u2013 12 h 30 :<\/strong>&nbsp;Claire Fredj, enseignante chercheure en histoire contemporaine (IDHES, Universit\u00e9 Nanterre-Paris 10) :&nbsp;<strong>Former des sages-femmes dans l\u2019Alg\u00e9rie colonis\u00e9e<\/strong><em><strong>.&nbsp;<\/strong><\/em><\/li><li><strong>14 h \u2013 15 h 30 :<\/strong>&nbsp;Nathalie Sage Pranch\u00e8re, historienne (Centre Roland Mousnier, Sorbonne, Paris) :&nbsp;<strong>Quand les sangs s\u2019opposent : compr\u00e9hension et prise en charge des incompatibilit\u00e9s f\u0153to-maternelles (ann\u00e9es 1930-1950)<em>.<\/em><\/strong><\/li><li><strong>15 h 30 \u2013 17 h :&nbsp;<\/strong>pr\u00e9paration du colloque La main ou l\u2019outil ? sens et techniques autour de la naissance d\u2019hier \u00e0 aujourd\u2019hui \u2013 Bordeaux \u2013 Novembre 2019<\/li><\/ul>\n","protected":false},"excerpt":{"rendered":"<p>Lieu : Groupe Hospitalier Diaconesses Croix Saint-SimonP\u00f4le Maternit\u00e9-Fertilit\u00e918 rue du Sergent Bauchat75012 Paris Entr\u00e9e par la grille blanche : la salle France Qu\u00e9r\u00e9 est dans le b\u00e2timent en face (suivre les panneaux)M\u00e9tro : Montgallet ou Nation Programme : 9 h 30 \u2013 11 h :&nbsp;Sophie Courtois, sage-femme :&nbsp;La maternit\u00e9 de Pithiviers vue par sa population&hellip;<\/p>\n<p class=\"more-link-wrapper\"><a class=\"more-link\" href=\"https:\/\/societe-histoire-naissance.fr\/?p=316\">Continue<\/a><\/p>\n","protected":false},"author":1,"featured_media":0,"comment_status":"closed","ping_status":"open","sticky":false,"template":"","format":"standard","meta":{"footnotes":""},"categories":[1],"tags":[],"_links":{"self":[{"href":"https:\/\/societe-histoire-naissance.fr\/index.php?rest_route=\/wp\/v2\/posts\/316"}],"collection":[{"href":"https:\/\/societe-histoire-naissance.fr\/index.php?rest_route=\/wp\/v2\/posts"}],"about":[{"href":"https:\/\/societe-histoire-naissance.fr\/index.php?rest_route=\/wp\/v2\/types\/post"}],"author":[{"embeddable":true,"href":"https:\/\/societe-histoire-naissance.fr\/index.php?rest_route=\/wp\/v2\/users\/1"}],"replies":[{"embeddable":true,"href":"https:\/\/societe-histoire-naissance.fr\/index.php?rest_route=%2Fwp%2Fv2%2Fcomments&post=316"}],"version-history":[{"count":1,"href":"https:\/\/societe-histoire-naissance.fr\/index.php?rest_route=\/wp\/v2\/posts\/316\/revisions"}],"predecessor-version":[{"id":317,"href":"https:\/\/societe-histoire-naissance.fr\/index.php?rest_route=\/wp\/v2\/posts\/316\/revisions\/317"}],"wp:attachment":[{"href":"https:\/\/societe-histoire-naissance.fr\/index.php?rest_route=%2Fwp%2Fv2%2Fmedia&parent=316"}],"wp:term":[{"taxonomy":"category","embeddable":true,"href":"https:\/\/societe-histoire-naissance.fr\/index.php?rest_route=%2Fwp%2Fv2%2Fcategories&post=316"},{"taxonomy":"post_tag","embeddable":true,"href":"https:\/\/societe-histoire-naissance.fr\/index.php?rest_route=%2Fwp%2Fv2%2Ftags&post=316"}],"curies":[{"name":"wp","href":"https:\/\/api.w.org\/{rel}","templated":true}]}}