{"id":393,"date":"2021-09-14T19:54:32","date_gmt":"2021-09-14T17:54:32","guid":{"rendered":"https:\/\/societe-histoire-naissance.fr\/?p=393"},"modified":"2021-09-14T19:54:32","modified_gmt":"2021-09-14T17:54:32","slug":"journee-detudes-du-11-septembre-2021","status":"publish","type":"post","link":"https:\/\/societe-histoire-naissance.fr\/?p=393","title":{"rendered":"Journ\u00e9e d&#8217;\u00e9tudes du 11 septembre 2021"},"content":{"rendered":"\n<p>Les contraintes sanitaires nous obligent \u00e0 nouveau \u00e0 vous proposer de rejoindre la prochaine journ\u00e9e d\u2019\u00e9tudes en visioconf\u00e9rence.<\/p>\n\n\n\n<p>Nous vous invitons donc<br><strong>le samedi 11 septembre de 10\u00a0h \u00e0 12\u00a0h<\/strong><br>\u00e0 \u00e9couter puis discuter autour de l\u2019intervention de<\/p>\n\n\n\n<p class=\"has-text-align-center\">Vincent Fauveau,<br>m\u00e9decin et collectionneur d&#8217;art<br>intitul\u00e9e \u201cLa f\u00e9condit\u00e9 dans l&#8217;art \u00e0 travers les \u00e2ges et les cultures\u201d, <br>\u00e0 partir du livre d&#8217;art \u00e9ponyme qu&#8217;il a publi\u00e9 en 2019.<\/p>\n\n\n\n<p>&#8220;J&#8217;ai pass\u00e9 l&#8217;essentiel de ma vie professionnelle, dans le cadre de la sant\u00e9 publique internationale, \u00e0 essayer de r\u00e9duire les complications de la grossesse et de l&#8217;accouchement dans le monde, \u00e0 faciliter la conception si les femmes le souhaitaient, \u00e0 leur permettre de ne pas avoir de grossesse si elles ne le d\u00e9siraient pas. J&#8217;ai profit\u00e9 de mes p\u00e9r\u00e9grinations pour fureter dans les march\u00e9s du monde entier, visiter les rencontrer des artistes, parler avec des professionnels, des sages-femmes et des m\u00e9decins traditionnels.Je voudrais montrer aux gens d&#8217;ici comment l&#8217;espoir, l&#8217;attente et la mise au monde sont repr\u00e9sent\u00e9s &#8220;ailleurs&#8221; dans le monde, mais aussi comment ils \u00e9taient repr\u00e9sent\u00e9s &#8220;chez nous&#8221;, en d&#8217;autres temps. Esp\u00e9rer, attendre, mettre au monde. Oui, la maternit\u00e9 est belle. Mais alors pourquoi retrouve-t-on si peu de repr\u00e9sentations de cette beaut\u00e9 dans l&#8217;art ? Innombrables images de la m\u00e8re tenant son enfant dans les bras ou l&#8217;allaitant, mais comparativement tr\u00e8s peu d&#8217;images de la m\u00e8re attendant son b\u00e9b\u00e9, et encore moins le mettant au monde.Pourtant si on cherche, on trouve. C&#8217;est ce que j&#8217;ai fait durant les 25 derni\u00e8res ann\u00e9es, \u00e0 travers le monde, en parall\u00e8le avec mon activit\u00e9 professionnelle. Et c&#8217;est cette passionnante recherche, cette extraordinaire vari\u00e9t\u00e9 dans l&#8217;expression artistique sur un th\u00e8me universel que je voudrais montrer aux futures m\u00e8res, \u00e0 leurs compagnons, \u00e0 leurs familles, aux professionnels de la sant\u00e9 maternelle, aux amateurs d&#8217;art, et au grand public&#8221;.<\/p>\n\n\n\n<div class=\"wp-block-image\"><figure class=\"aligncenter\"><img decoding=\"async\" src=\"https:\/\/scontent-cdt1-1.xx.fbcdn.net\/v\/t39.30808-6\/241126605_4426169840778727_4254007062220575200_n.png?_nc_cat=109&amp;ccb=1-5&amp;_nc_sid=730e14&amp;_nc_ohc=EBJYUcWXY8MAX8X90RI&amp;_nc_ht=scontent-cdt1-1.xx&amp;oh=ae55adc3c363e255072785e02109f37d&amp;oe=61453417\" alt=\"Peut \u00eatre une image de texte qui dit \u2019f\u00e9condit\u00e9 fecundity Vincent fauveau La f\u00e9condit\u00e9 dans l'art \u00e0 travers les \u00e2ges et les cultures Fecundity in \u00dbt art through the ages and across cultures Photos Eric Blonc\u2019\"\/><\/figure><\/div>\n","protected":false},"excerpt":{"rendered":"<p>Les contraintes sanitaires nous obligent \u00e0 nouveau \u00e0 vous proposer de rejoindre la prochaine journ\u00e9e d\u2019\u00e9tudes en visioconf\u00e9rence. Nous vous invitons doncle samedi 11 septembre de 10\u00a0h \u00e0 12\u00a0h\u00e0 \u00e9couter puis discuter autour de l\u2019intervention de Vincent Fauveau,m\u00e9decin et collectionneur d&#8217;artintitul\u00e9e \u201cLa f\u00e9condit\u00e9 dans l&#8217;art \u00e0 travers les \u00e2ges et les cultures\u201d, \u00e0 partir du&hellip;<\/p>\n<p class=\"more-link-wrapper\"><a class=\"more-link\" href=\"https:\/\/societe-histoire-naissance.fr\/?p=393\">Continue<\/a><\/p>\n","protected":false},"author":1,"featured_media":0,"comment_status":"closed","ping_status":"open","sticky":false,"template":"","format":"standard","meta":{"footnotes":""},"categories":[1],"tags":[],"_links":{"self":[{"href":"https:\/\/societe-histoire-naissance.fr\/index.php?rest_route=\/wp\/v2\/posts\/393"}],"collection":[{"href":"https:\/\/societe-histoire-naissance.fr\/index.php?rest_route=\/wp\/v2\/posts"}],"about":[{"href":"https:\/\/societe-histoire-naissance.fr\/index.php?rest_route=\/wp\/v2\/types\/post"}],"author":[{"embeddable":true,"href":"https:\/\/societe-histoire-naissance.fr\/index.php?rest_route=\/wp\/v2\/users\/1"}],"replies":[{"embeddable":true,"href":"https:\/\/societe-histoire-naissance.fr\/index.php?rest_route=%2Fwp%2Fv2%2Fcomments&post=393"}],"version-history":[{"count":1,"href":"https:\/\/societe-histoire-naissance.fr\/index.php?rest_route=\/wp\/v2\/posts\/393\/revisions"}],"predecessor-version":[{"id":394,"href":"https:\/\/societe-histoire-naissance.fr\/index.php?rest_route=\/wp\/v2\/posts\/393\/revisions\/394"}],"wp:attachment":[{"href":"https:\/\/societe-histoire-naissance.fr\/index.php?rest_route=%2Fwp%2Fv2%2Fmedia&parent=393"}],"wp:term":[{"taxonomy":"category","embeddable":true,"href":"https:\/\/societe-histoire-naissance.fr\/index.php?rest_route=%2Fwp%2Fv2%2Fcategories&post=393"},{"taxonomy":"post_tag","embeddable":true,"href":"https:\/\/societe-histoire-naissance.fr\/index.php?rest_route=%2Fwp%2Fv2%2Ftags&post=393"}],"curies":[{"name":"wp","href":"https:\/\/api.w.org\/{rel}","templated":true}]}}