{"id":413,"date":"2021-12-16T14:30:23","date_gmt":"2021-12-16T13:30:23","guid":{"rendered":"https:\/\/societe-histoire-naissance.fr\/?p=413"},"modified":"2021-12-16T14:30:23","modified_gmt":"2021-12-16T13:30:23","slug":"la-revue-de-la-federation-suisse-des-sages-femmes-numerisee-depuis-1903","status":"publish","type":"post","link":"https:\/\/societe-histoire-naissance.fr\/?p=413","title":{"rendered":"La revue de la F\u00e9d\u00e9ration suisse des sages-femmes num\u00e9ris\u00e9e depuis 1903"},"content":{"rendered":"\n<p class=\"has-text-align-left\">Le projet de num\u00e9risation de la revue de la F\u00e9d\u00e9ration suisse des sages-femmes est arriv\u00e9 \u00e0 son terme : de &#8220;Die schweizer Hebamme&#8221; \u00e0 &#8220;Obstetrica&#8221;, tous les num\u00e9ros de la revue de la F\u00e9d\u00e9ration suisse des sages-femmes depuis 1903 sont num\u00e9ris\u00e9s et accessibles <a href=\"https:\/\/e-periodica.ch\/digbib\/volumes?UID=heb-001\">sur le portail E-Periodica<\/a>.<\/p>\n\n\n\n<p class=\"has-text-align-left\">On ne peut que se r\u00e9jouir de cette nouvelle ressource et des travaux de recherche qui en d\u00e9couleront.<\/p>\n\n\n\n<p class=\"has-text-align-left\">Informations aupr\u00e8s de Jeanne Rey, r\u00e9dactrice &#8220;Obstetrica&#8221;, <br>j.rey@sage-femme.ch <\/p>\n\n\n\n<div class=\"wp-block-image\"><figure class=\"aligncenter size-large\"><img loading=\"lazy\" decoding=\"async\" width=\"507\" height=\"724\" src=\"https:\/\/societe-histoire-naissance.fr\/wp-content\/uploads\/2021\/12\/telechargement.jpg\" alt=\"\" class=\"wp-image-414\" srcset=\"https:\/\/societe-histoire-naissance.fr\/wp-content\/uploads\/2021\/12\/telechargement.jpg 507w, https:\/\/societe-histoire-naissance.fr\/wp-content\/uploads\/2021\/12\/telechargement-210x300.jpg 210w\" sizes=\"(max-width: 507px) 100vw, 507px\" \/><figcaption><em>Le n\u00b0 7-8 de l&#8217;ann\u00e9e 1986<\/em><\/figcaption><\/figure><\/div>\n","protected":false},"excerpt":{"rendered":"<p>Le projet de num\u00e9risation de la revue de la F\u00e9d\u00e9ration suisse des sages-femmes est arriv\u00e9 \u00e0 son terme : de &#8220;Die schweizer Hebamme&#8221; \u00e0 &#8220;Obstetrica&#8221;, tous les num\u00e9ros de la revue de la F\u00e9d\u00e9ration suisse des sages-femmes depuis 1903 sont num\u00e9ris\u00e9s et accessibles sur le portail E-Periodica. On ne peut que se r\u00e9jouir de cette&hellip;<\/p>\n<p class=\"more-link-wrapper\"><a class=\"more-link\" href=\"https:\/\/societe-histoire-naissance.fr\/?p=413\">Continue<\/a><\/p>\n","protected":false},"author":1,"featured_media":0,"comment_status":"closed","ping_status":"open","sticky":false,"template":"","format":"standard","meta":{"footnotes":""},"categories":[1],"tags":[],"_links":{"self":[{"href":"https:\/\/societe-histoire-naissance.fr\/index.php?rest_route=\/wp\/v2\/posts\/413"}],"collection":[{"href":"https:\/\/societe-histoire-naissance.fr\/index.php?rest_route=\/wp\/v2\/posts"}],"about":[{"href":"https:\/\/societe-histoire-naissance.fr\/index.php?rest_route=\/wp\/v2\/types\/post"}],"author":[{"embeddable":true,"href":"https:\/\/societe-histoire-naissance.fr\/index.php?rest_route=\/wp\/v2\/users\/1"}],"replies":[{"embeddable":true,"href":"https:\/\/societe-histoire-naissance.fr\/index.php?rest_route=%2Fwp%2Fv2%2Fcomments&post=413"}],"version-history":[{"count":1,"href":"https:\/\/societe-histoire-naissance.fr\/index.php?rest_route=\/wp\/v2\/posts\/413\/revisions"}],"predecessor-version":[{"id":415,"href":"https:\/\/societe-histoire-naissance.fr\/index.php?rest_route=\/wp\/v2\/posts\/413\/revisions\/415"}],"wp:attachment":[{"href":"https:\/\/societe-histoire-naissance.fr\/index.php?rest_route=%2Fwp%2Fv2%2Fmedia&parent=413"}],"wp:term":[{"taxonomy":"category","embeddable":true,"href":"https:\/\/societe-histoire-naissance.fr\/index.php?rest_route=%2Fwp%2Fv2%2Fcategories&post=413"},{"taxonomy":"post_tag","embeddable":true,"href":"https:\/\/societe-histoire-naissance.fr\/index.php?rest_route=%2Fwp%2Fv2%2Ftags&post=413"}],"curies":[{"name":"wp","href":"https:\/\/api.w.org\/{rel}","templated":true}]}}